{"id":7396,"date":"2023-11-13T15:00:00","date_gmt":"2023-11-13T14:00:00","guid":{"rendered":"https:\/\/www.cosmundus.com\/?p=7396"},"modified":"2024-06-12T17:17:42","modified_gmt":"2024-06-12T15:17:42","slug":"defenestrations-of-prague","status":"publish","type":"post","link":"https:\/\/www.cosmundus.com\/it\/defenestrations-of-prague\/","title":{"rendered":"La strana storia delle defenestrazioni di Praga"},"content":{"rendered":"<p>Se conosci la storia europea, potresti avere familiarit\u00e0 con la frase \u201cdefenestrazione di Praga\u201d, come l\u2019evento che scaten\u00f2 la guerra dei trent\u2019anni nel 1618. Tuttavia, nel corso dei secoli si sono verificati curiosamente numerosi incidenti simili nella stessa citt\u00e0.<\/p>\n\n\n\n<p class=\"translation-block\">Innanzitutto definiamo cos\u2019\u00e8 una \u201cdefenestrazione\u201d. Il termine significa \u201cgettare dalla finestra\u201d e deriva dal neolatino <em>de-<\/em> (fuori o da) e <em>fenestra<\/em> (finestra). Anche se la parola trae origine dall'evento del 1618, l'atto di defenestrare qualcuno ha origini antiche, essendo citato addirittura nella Bibbia. Defenestrazioni degne di nota avvennero soprattutto in Europa a partire dal Tardo Medioevo, e i casi pi\u00f9 famosi sono gli incidenti di Praga.<\/p>\n\n\n\n<h4 class=\"wp-block-heading\"><strong>La prima defenestrazione di Praga (1419)<\/strong><\/h4>\n\n\n\n<p>La prima defenestrazione di Praga avvenne nel contesto delle proteste seguite alla morte del riformatore cristiano Jan Hus, un teologo ceco che aveva criticato aspramente la Chiesa cattolica. Nel 1415 il Concilio di Costanza condann\u00f2 Jan Hus per eresia e lo giustizi\u00f2, provocando un'enorme rabbia in Boemia.<\/p>\n\n\n\n<p>Il 30 luglio 1419 il prete hussita Jan \u017delivsk\u00fd guid\u00f2 un corteo di suoi fedeli per le strade di Praga, per protestare contro il consiglio cittadino che rifiutava uno scambio di prigionieri hussiti. Durante la manifestazione, una pietra fu lanciata dal municipio e presumibilmente colp\u00ec \u017delivsk\u00fd. Gli hussiti infuriati presero allora d'assalto l'edificio e defenestrarono diversi membri del consiglio cittadino, tra cui il giudice e il borgomastro, uccidendoli.<\/p>\n\n\n\n<p class=\"translation-block\">Quando il re Venceslao IV di Boemia apprese la notizia, fu apparentemente cos\u00ec scioccato che mor\u00ec poco dopo. Una serie di disordini seguirono la morte del re, portando all'inizio della crociata hussita, che dur\u00f2 fino al 1434 e fin\u00ec con i cattolici e gli hussiti moderati che sconfissero i membri pi\u00f9 radicali del movimento. La defenestrazione del 1419 \u00e8 considerata il <em>casus belli<\/em> e l'inizio della crociata hussita.<\/p>\n\n\n<div class=\"wp-block-image\">\n<figure class=\"aligncenter size-full\"><a href=\"https:\/\/www.cosmundus.com\/wp-content\/uploads\/2023\/11\/Defenestrations_of_Prague_1.jpg\"><img fetchpriority=\"high\" decoding=\"async\" width=\"327\" height=\"506\" src=\"https:\/\/www.cosmundus.com\/wp-content\/uploads\/2023\/11\/Defenestrations_of_Prague_1.jpg\" alt=\"\" class=\"wp-image-7400\" srcset=\"https:\/\/www.cosmundus.com\/wp-content\/uploads\/2023\/11\/Defenestrations_of_Prague_1.jpg 327w, https:\/\/www.cosmundus.com\/wp-content\/uploads\/2023\/11\/Defenestrations_of_Prague_1-194x300.jpg 194w, https:\/\/www.cosmundus.com\/wp-content\/uploads\/2023\/11\/Defenestrations_of_Prague_1-8x12.jpg 8w, https:\/\/www.cosmundus.com\/wp-content\/uploads\/2023\/11\/Defenestrations_of_Prague_1-300x464.jpg 300w\" sizes=\"(max-width: 327px) 100vw, 327px\" \/><\/a><\/figure><\/div>\n\n\n<p class=\"has-small-font-size\">Raffigurazione della prima defenestrazione di Praga del pittore ceco Adolf Liebscher.<\/p>\n\n\n\n<h4 class=\"wp-block-heading\"><strong>La seconda defenestrazione di Praga (1483)<\/strong><\/h4>\n\n\n\n<p>Le tensioni tra cattolici e hussiti radicali non finirono dopo la crociata hussita. L'hussita moderato Giorgio di Pod\u011bbrady fu re di Boemia dal 1458 al 1471 e gli successe il cattolico Ladislao II. Il nuovo re sostitu\u00ec i membri hussiti dei consigli cittadini con cattolici. Il 24 settembre 1483 la gente di Praga insorse attaccando i municipi della Citt\u00e0 Vecchia e della Citt\u00e0 Nuova, defenestrando e uccidendo il borgomastro e diversi consiglieri.<\/p>\n\n\n\n<p>La rivolta port\u00f2 Ladislao II a porre fine alla sua politica filo-cattolica, e alla pace religiosa di Kutn\u00e1 Hora, che fu firmata nel marzo 1485 e dichiar\u00f2 che le fedi utraquista\u00a0hussita e cattolica erano sullo stesso piano e sia i nobili che i cittadini comuni erano liberi di aderire ad ognuna.<\/p>\n\n\n<div class=\"wp-block-image\">\n<figure class=\"aligncenter size-full\"><a href=\"https:\/\/www.cosmundus.com\/wp-content\/uploads\/2023\/11\/Defenestrations_of_Prague_2.png\"><img decoding=\"async\" width=\"678\" height=\"596\" src=\"https:\/\/www.cosmundus.com\/wp-content\/uploads\/2023\/11\/Defenestrations_of_Prague_2.png\" alt=\"\" class=\"wp-image-7401\" srcset=\"https:\/\/www.cosmundus.com\/wp-content\/uploads\/2023\/11\/Defenestrations_of_Prague_2.png 678w, https:\/\/www.cosmundus.com\/wp-content\/uploads\/2023\/11\/Defenestrations_of_Prague_2-300x264.png 300w, https:\/\/www.cosmundus.com\/wp-content\/uploads\/2023\/11\/Defenestrations_of_Prague_2-14x12.png 14w\" sizes=\"(max-width: 678px) 100vw, 678px\" \/><\/a><\/figure><\/div>\n\n\n<p class=\"has-small-font-size translation-block\">Rappresentazione della seconda defenestrazione di Praga dal libro <em>\u010cesko-moravsk\u00e1 kronika<\/em>.<\/p>\n\n\n\n<h4 class=\"wp-block-heading\"><strong>La terza defenestrazione di Praga (1618)<\/strong><\/h4>\n\n\n\n<p>La pi\u00f9 nota defenestrazione di Praga \u00e8 senza dubbio quella del 1618, che scaten\u00f2 la guerra dei trent'anni. Questo evento \u00e8 ancora una volta radicato nelle controversie religiose tra diversi rami del Cristianesimo. La pace di Augusta del 1555 dichiar\u00f2 che i governanti degli stati del Sacro Romano Impero potevano decidere la fede dei loro sudditi. Tuttavia, in Boemia, i governanti cattolici Asburgo non imposero la loro fede alla popolazione, che era in maggioranza protestante. Nel 1609, l'imperatore del Sacro Romano Impero Rodolfo II firm\u00f2 la Lettera di maest\u00e0, che garantiva tolleranza sia ai cattolici che ai protestanti che vivevano nei possedimenti della Boemia.<\/p>\n\n\n\n<p>Il successore di Rodolfo II fu Mattia, che era senza eredi e fece eleggere re di Boemia e Ungheria suo cugino, il cattolico Ferdinando di Stiria (in seguito imperatore Ferdinando II). I leader protestanti della Boemia temevano di perdere i diritti concessi da Rodolfo II e preferivano come possibile successore il protestante Federico V del Palatinato. Ferdinando promise di rispettare la Lettera di maest\u00e0, ma cattolici e protestanti avevano interpretazioni diverse del documento, e questo port\u00f2 a una serie di controversie sulla costruzione delle chiese.<\/p>\n\n\n\n<p>Il 23 maggio 1618 un gruppo di nobili protestanti incontr\u00f2 i rappresentanti cattolici inviati da Ferdinando. L'incontro si concluse con due cattolici radicali e il loro segretario che furono gettati da una finestra del Castello di Praga. Nonostante una caduta di circa 20 metri, tutti e tre sopravvissero e i cattolici affermarono che furono salvati grazie a un intervento divino.<\/p>\n\n\n\n<p>Dopo l'incidente, sia i protestanti che i cattolici iniziarono a formare eserciti, portando alla rivolta boema. Ferdinando fu rimosso dalla carica di re di Boemia e fu sostituito con Federico V del Palatinato. Le forze imperiali alla fine sconfissero la rivolta, ma il conflitto si diffuse in tutta Europa e port\u00f2 alla guerra dei trent'anni, una delle guerre pi\u00f9 lunghe e sanguinose della storia del continente. Il conflitto si concluse con la pace di Vestfalia del 1648 che, tra i vari accordi, conferm\u00f2 in gran parte la pace di Augusta del 1555, con l'aggiunta della clausola che se un sovrano avesse cambiato religione, i sudditi non erano costretti a seguirne l'esempio.<\/p>\n\n\n<div class=\"wp-block-image\">\n<figure class=\"aligncenter size-full\"><a href=\"https:\/\/www.cosmundus.com\/wp-content\/uploads\/2023\/11\/Defenestrations_of_Prague_3.jpg\"><img decoding=\"async\" width=\"640\" height=\"465\" src=\"https:\/\/www.cosmundus.com\/wp-content\/uploads\/2023\/11\/Defenestrations_of_Prague_3.jpg\" alt=\"\" class=\"wp-image-7402\" srcset=\"https:\/\/www.cosmundus.com\/wp-content\/uploads\/2023\/11\/Defenestrations_of_Prague_3.jpg 640w, https:\/\/www.cosmundus.com\/wp-content\/uploads\/2023\/11\/Defenestrations_of_Prague_3-300x218.jpg 300w, https:\/\/www.cosmundus.com\/wp-content\/uploads\/2023\/11\/Defenestrations_of_Prague_3-18x12.jpg 18w\" sizes=\"(max-width: 640px) 100vw, 640px\" \/><\/a><\/figure><\/div>\n\n\n<p class=\"has-small-font-size\">Rappresentazione della terza defenestrazione di Praga dell'incisore svizzero Matth\u00e4us Merian il vecchio.<\/p>\n\n\n\n<h4 class=\"wp-block-heading\"><strong>La quarta defenestrazione di Praga (1948)<\/strong><\/h4>\n\n\n\n<p>La quarta defenestrazione di Praga \u00e8 una storia molto diversa. Il 10 marzo 1948 il Ministro degli esteri della Cecoslovacchia Jan Masaryk fu trovato morto sotto la finestra del bagno del Ministero degli Affari Esteri a Praga. Ufficialmente riportato come suicidio, era opinione diffusa che Masaryk fosse stato defenestrato per volere del governo comunista o dai servizi segreti sovietici. Un rapporto della polizia del 2004 concluse che la morte di Masaryk era probabilmente un omicidio. Ulteriori indagini hanno sollevato dubbi su questi risultati, ma la questione \u00e8 stata definitivamente archiviata nel 2021, citando la mancanza di prove per prendere una decisione definitiva. Nonostante l\u2019incertezza, l\u2019evento \u00e8 stato talvolta descritto come la \u201cquarta defenestrazione di Praga\u201d, in riferimento agli incidenti precedenti.<\/p>","protected":false},"excerpt":{"rendered":"<p>Se conosci la storia europea, potresti avere familiarit\u00e0 con la frase \u201cdefenestrazione di Praga\u201d, come l\u2019evento che scaten\u00f2 la guerra dei trent\u2019anni nel 1618. Tuttavia, nel corso dei secoli si sono verificati curiosamente numerosi incidenti simili nella stessa citt\u00e0. Innanzitutto definiamo cos\u2019\u00e8 una \u201cdefenestrazione\u201d. Il termine significa \u201cgettare dalla finestra\u201d e deriva dal neolatino de-...<\/p>","protected":false},"author":1,"featured_media":7403,"comment_status":"closed","ping_status":"open","sticky":false,"template":"","format":"standard","meta":{"_editorskit_title_hidden":false,"_editorskit_reading_time":0,"_editorskit_is_block_options_detached":false,"_editorskit_block_options_position":"{}","om_disable_all_campaigns":false,"_uag_custom_page_level_css":"","advgb_blocks_editor_width":"","advgb_blocks_columns_visual_guide":"","_monsterinsights_skip_tracking":false,"_monsterinsights_sitenote_active":false,"_monsterinsights_sitenote_note":"","_monsterinsights_sitenote_category":0,"footnotes":""},"categories":[16],"tags":[],"class_list":["post-7396","post","type-post","status-publish","format-standard","has-post-thumbnail","hentry","category-history"],"aioseo_notices":[],"featured_image_src":"https:\/\/www.cosmundus.com\/wp-content\/uploads\/2023\/11\/Defenestrations_of_Prague_cover.jpg","author_info":{"display_name":"Stefano Cammisa","author_link":"https:\/\/www.cosmundus.com\/it\/author\/stefano-cammisa\/"},"author_meta":{"display_name":"Stefano Cammisa","author_link":"https:\/\/www.cosmundus.com\/it\/author\/stefano-cammisa\/"},"featured_img":"https:\/\/www.cosmundus.com\/wp-content\/uploads\/2023\/11\/Defenestrations_of_Prague_cover-300x100.jpg","uagb_featured_image_src":{"full":["https:\/\/www.cosmundus.com\/wp-content\/uploads\/2023\/11\/Defenestrations_of_Prague_cover.jpg",639,213,false],"thumbnail":["https:\/\/www.cosmundus.com\/wp-content\/uploads\/2023\/11\/Defenestrations_of_Prague_cover-150x150.jpg",150,150,true],"medium":["https:\/\/www.cosmundus.com\/wp-content\/uploads\/2023\/11\/Defenestrations_of_Prague_cover-300x100.jpg",300,100,true],"medium_large":["https:\/\/www.cosmundus.com\/wp-content\/uploads\/2023\/11\/Defenestrations_of_Prague_cover.jpg",639,213,false],"large":["https:\/\/www.cosmundus.com\/wp-content\/uploads\/2023\/11\/Defenestrations_of_Prague_cover.jpg",639,213,false],"1536x1536":["https:\/\/www.cosmundus.com\/wp-content\/uploads\/2023\/11\/Defenestrations_of_Prague_cover.jpg",639,213,false],"2048x2048":["https:\/\/www.cosmundus.com\/wp-content\/uploads\/2023\/11\/Defenestrations_of_Prague_cover.jpg",639,213,false],"trp-custom-language-flag":["https:\/\/www.cosmundus.com\/wp-content\/uploads\/2023\/11\/Defenestrations_of_Prague_cover-18x6.jpg",18,6,true],"xs-thumb":["https:\/\/www.cosmundus.com\/wp-content\/uploads\/2023\/11\/Defenestrations_of_Prague_cover-64x64.jpg",64,64,true],"post-thumbnail":["https:\/\/www.cosmundus.com\/wp-content\/uploads\/2023\/11\/Defenestrations_of_Prague_cover-300x100.jpg",300,100,true],"minimalistblogger-grid":["https:\/\/www.cosmundus.com\/wp-content\/uploads\/2023\/11\/Defenestrations_of_Prague_cover-350x213.jpg",350,213,true],"minimalistblogger-slider":["https:\/\/www.cosmundus.com\/wp-content\/uploads\/2023\/11\/Defenestrations_of_Prague_cover.jpg",639,213,false],"minimalistblogger-small":["https:\/\/www.cosmundus.com\/wp-content\/uploads\/2023\/11\/Defenestrations_of_Prague_cover-300x180.jpg",300,180,true]},"uagb_author_info":{"display_name":"Stefano Cammisa","author_link":"https:\/\/www.cosmundus.com\/it\/author\/stefano-cammisa\/"},"uagb_comment_info":0,"uagb_excerpt":"If you know European history, you might be familiar with the phrase \u201cdefenestration of Prague\u201d, as the event that sparked the Thirty Years\u2019 War in 1618. However, there were curiously multiple similar incidents that happened in the same city throughout the centuries. First of all, let\u2019s define what a \u201cdefenestration\u201d is. The term means \u201cthrowing...","coauthors":[],"tax_additional":{"categories":{"linked":["<a href=\"https:\/\/www.cosmundus.com\/it\/category\/history\/\" class=\"advgb-post-tax-term\">History<\/a>"],"unlinked":["<span class=\"advgb-post-tax-term\">History<\/span>"]}},"comment_count":"0","relative_dates":{"created":"Pubblicato 2 anni fa","modified":"Aggiornato 2 anni fa"},"absolute_dates":{"created":"Pubblicato il 13 Novembre 2023","modified":"Aggiornato il 12 Giugno 2024"},"absolute_dates_time":{"created":"Pubblicato il 13 Novembre 2023 3:00 pm","modified":"Aggiornato il 12 Giugno 2024 5:17 pm"},"featured_img_caption":"","series_order":"","_links":{"self":[{"href":"https:\/\/www.cosmundus.com\/it\/wp-json\/wp\/v2\/posts\/7396","targetHints":{"allow":["GET"]}}],"collection":[{"href":"https:\/\/www.cosmundus.com\/it\/wp-json\/wp\/v2\/posts"}],"about":[{"href":"https:\/\/www.cosmundus.com\/it\/wp-json\/wp\/v2\/types\/post"}],"author":[{"embeddable":true,"href":"https:\/\/www.cosmundus.com\/it\/wp-json\/wp\/v2\/users\/1"}],"replies":[{"embeddable":true,"href":"https:\/\/www.cosmundus.com\/it\/wp-json\/wp\/v2\/comments?post=7396"}],"version-history":[{"count":10,"href":"https:\/\/www.cosmundus.com\/it\/wp-json\/wp\/v2\/posts\/7396\/revisions"}],"predecessor-version":[{"id":11089,"href":"https:\/\/www.cosmundus.com\/it\/wp-json\/wp\/v2\/posts\/7396\/revisions\/11089"}],"wp:featuredmedia":[{"embeddable":true,"href":"https:\/\/www.cosmundus.com\/it\/wp-json\/wp\/v2\/media\/7403"}],"wp:attachment":[{"href":"https:\/\/www.cosmundus.com\/it\/wp-json\/wp\/v2\/media?parent=7396"}],"wp:term":[{"taxonomy":"category","embeddable":true,"href":"https:\/\/www.cosmundus.com\/it\/wp-json\/wp\/v2\/categories?post=7396"},{"taxonomy":"post_tag","embeddable":true,"href":"https:\/\/www.cosmundus.com\/it\/wp-json\/wp\/v2\/tags?post=7396"}],"curies":[{"name":"wp","href":"https:\/\/api.w.org\/{rel}","templated":true}]}}